{"id":20014,"date":"2018-08-07T14:02:30","date_gmt":"2018-08-07T14:02:30","guid":{"rendered":"http:\/\/maisonvalentina.net\/blog\/?p=20014"},"modified":"2021-08-19T11:14:49","modified_gmt":"2021-08-19T11:14:49","slug":"paris-design-week","status":"publish","type":"post","link":"https:\/\/www.maisonvalentina.net\/blog\/paris-design-week\/","title":{"rendered":"The Top Events That You Can&#8217;t Miss At The Next Paris Design Week"},"content":{"rendered":"\n<p><em><strong>The Top Events That You Can\u2019t Miss At The Next Paris Design Week<\/strong><\/em> \u2013 If you\u2019re planning to visit\u00a0<strong>Paris in September 2018<\/strong>, then you need to\u00a0<strong>follow this design guide that we have prepared for you<\/strong>. From<strong>\u00a0Maison et Objet\u00a0to the Smal events of the\u00a0Paris\u00a0Design Week<\/strong>,\u00a0this Guide is your ultimate tool to discover what\u2019s worth a visit to Paris in September 2018 and includes:<\/p>\n<ul>\n<li><strong>Paris Design Week 2018 \u2013 Major Events<\/strong><\/li>\n<li><strong>Paris Design Week 2018 \u2013 Small Events.<\/strong><\/li>\n<li><strong>Top Restaurants &amp; Hotels<\/strong><\/li>\n<\/ul>\n<p>\u00a0<\/p>\n<p><em><strong>See Also:\u00a0<a href=\"http:\/\/maisonvalentina.net\/blog\/best-destinations-for-summer-2018\/\" target=\"_blank\" rel=\"noopener\" title=\"\">Best Destinations for Summer 2018<\/a><\/strong><\/em><\/p>\n<p><a href=\"https:\/\/maisonvalentina.net\/en\/products\/vessel-sinks\/silk-vessel-sink?utm_source=artigoblogmv&amp;utm_medium=bannerartigo&amp;utm_content=vesselsinksilk&amp;utm_campaign=blogmv\" title=\"\"><img decoding=\"async\" class=\"aligncenter\" title=\"30fc1d64-04e2-480d-883d-483cb2ef636f 30fc1d64-04e2-480d-883d-483cb2ef636f 30fc1d64-04e2-480d-883d-483cb2ef636f 30fc1d64-04e2-480d-883d-483cb2ef636f 30fc1d64-04e2-480d-883d-483cb2ef636f 30fc1d64-04e2-480d-883d-483cb2ef636f 30fc1d64-04e2-480d-883d-483cb2ef636f 30fc1d64-04e2-480d-883d-483cb2ef636f 30fc1d64-04e2-480d-883d-483cb2ef636f 30fc1d64-04e2-480d-883d-483cb2ef636f 30fc1d64-04e2-480d-883d-483cb2ef636f 30fc1d64-04e2-480d-883d-483cb2ef636f\" src=\"http:\/\/maisonvalentina.net\/blog\/wp-content\/uploads\/2018\/07\/30fc1d64-04e2-480d-883d-483cb2ef636f.jpg\" alt=\"\" width=\"750\" height=\"130\" data-jpibfi-description=\"\" data-jpibfi-post-excerpt=\"\" data-jpibfi-post-url=\"http:\/\/maisonvalentina.net\/blog\/homo-faber\/\" data-jpibfi-post-title=\"All about the Homo Faber Event 2018\" data-jpibfi-src=\"http:\/\/maisonvalentina.net\/blog\/wp-content\/uploads\/2018\/07\/30fc1d64-04e2-480d-883d-483cb2ef636f.jpg\" data-jpibfi-indexer=\"0\"><\/a><\/p>\n<p>\u00a0<\/p>\n<h4><em><strong>PARIS DESIGN WEEK 2018 \u2013 MAJOR EVENTS\/ MAISON ET OBJET<\/strong><\/em><\/h4>\n<p>The eighth annual Paris Design Week will take place<strong>\u00a0from Thursday 6 to Saturday 15 September 2018.<\/strong>\u00a0For ten days, the event invites French and international professionals and the general public to discover the best showcases of design in Paris, while the leading talents in the discipline gather in the\u00a0<em>LE\u00a0<span class=\"caps\">OFF<\/span><\/em>exhibition. This event<em>\u00a0is an itinerary uniting 250 participants that all proudly promote first-rate design in Paris. At a time when new collections are popping up in stores and the new concepts for the autumn season are being launched, the event brings together the talents and forces of retailers, galleries, showrooms, hotels, and restaurants for eight days to share their experience in design and creation with the public.<\/em><\/p>\n<p>\u00a0<\/p>\n<p><a href=\"https:\/\/maisonvalentina.net\/?utm_source=artigoblogmv&amp;utm_medium=imagem&amp;utm_content=parisdesignweek2018&amp;utm_campaign=blogmv\" target=\"_blank\" rel=\"noopener\" title=\"\"><img decoding=\"async\" class=\"aligncenter wp-image-10942 size-full\" title=\"Embrace-the-Return-of-Maison-et-Objet-with-a-New-Perspective-In-Mind-5 Embrace-the-Return-of-Maison-et-Objet-with-a-New-Perspective-In-Mind-5\" src=\"http:\/\/mydesignagenda.com\/wp-content\/uploads\/2018\/07\/Embrace-the-Return-of-Maison-et-Objet-with-a-New-Perspective-In-Mind-5.jpg\" sizes=\"(max-width: 800px) 100vw, 800px\" srcset=\"http:\/\/mydesignagenda.com\/wp-content\/uploads\/2018\/07\/Embrace-the-Return-of-Maison-et-Objet-with-a-New-Perspective-In-Mind-5.jpg 800w, http:\/\/mydesignagenda.com\/wp-content\/uploads\/2018\/07\/Embrace-the-Return-of-Maison-et-Objet-with-a-New-Perspective-In-Mind-5-768x430.jpg 768w\" alt=\"\" width=\"800\" height=\"448\" data-jpibfi-post-excerpt=\"\" data-jpibfi-post-url=\"http:\/\/mydesignagenda.com\/discover-miss-paris-design-week\/\" data-jpibfi-post-title=\"Discover What Events Not to Miss at the Next Paris Design Week\" data-jpibfi-src=\"http:\/\/mydesignagenda.com\/wp-content\/uploads\/2018\/07\/Embrace-the-Return-of-Maison-et-Objet-with-a-New-Perspective-In-Mind-5.jpg\" data-jpibfi-indexer=\"3\"><\/a><\/p>\n<p>\u00a0<\/p>\n<p>One of the Top Events taking place during the Paris Design Week is the event<a href=\"http:\/\/www.maison-objet.com\/en\" title=\"\">\u00a0Maison et Objet<\/a>.\u00a0That\u2019s right, the\u00a0<em><strong>ultimate lifestyle and design event<\/strong><\/em>\u00a0comes back to Paris with a new challenge, one that seeks to completely overhaul its structure, more specifically its sectors: Maison and Objet. These two sectors will be presented from\u00a0<strong>7-11 September<\/strong>\u00a0with a brand-new perspective, improving the journey and experience of visitors and professionals alike during the event.<\/p>\n<p><a href=\"https:\/\/maisonvalentina.net\/?utm_source=artigoblogmv&amp;utm_medium=imagem&amp;utm_content=parisdesignweek2018&amp;utm_campaign=blogmv\" target=\"_blank\" rel=\"noopener\" title=\"\"><img decoding=\"async\" class=\"alignnone wp-image-10939 size-full\" title=\"Embrace-the-Return-of-Maison-et-Objet-with-a-New-Perspective-In-Mind-11 Embrace-the-Return-of-Maison-et-Objet-with-a-New-Perspective-In-Mind-11\" src=\"http:\/\/mydesignagenda.com\/wp-content\/uploads\/2018\/07\/Embrace-the-Return-of-Maison-et-Objet-with-a-New-Perspective-In-Mind-11.jpg\" sizes=\"(max-width: 800px) 100vw, 800px\" srcset=\"http:\/\/mydesignagenda.com\/wp-content\/uploads\/2018\/07\/Embrace-the-Return-of-Maison-et-Objet-with-a-New-Perspective-In-Mind-11.jpg 800w, http:\/\/mydesignagenda.com\/wp-content\/uploads\/2018\/07\/Embrace-the-Return-of-Maison-et-Objet-with-a-New-Perspective-In-Mind-11-768x588.jpg 768w, http:\/\/mydesignagenda.com\/wp-content\/uploads\/2018\/07\/Embrace-the-Return-of-Maison-et-Objet-with-a-New-Perspective-In-Mind-11-588x450.jpg 588w\" alt=\"\" width=\"800\" height=\"612\" data-jpibfi-post-excerpt=\"\" data-jpibfi-post-url=\"http:\/\/mydesignagenda.com\/discover-miss-paris-design-week\/\" data-jpibfi-post-title=\"Discover What Events Not to Miss at the Next Paris Design Week\" data-jpibfi-src=\"http:\/\/mydesignagenda.com\/wp-content\/uploads\/2018\/07\/Embrace-the-Return-of-Maison-et-Objet-with-a-New-Perspective-In-Mind-11.jpg\" data-jpibfi-indexer=\"4\"><\/a><\/p>\n<div>The most extraordinary thing about\u00a0<strong>Maison et Objet Paris<\/strong>\u00a0is that it is constantly reinventing itself, year after year! I)n every edition, whether it is in January\u00a0or September, it brings new ideas and inspirations throughout and offer it\u2019s guests a whole new experience!\u00a0Due to the diversity\u00a0in the world of interior design, a lot of challenge for specifies take form, and so in order to become easier to scout new ideas and inspirations, Maison et Objet has altered its Maison sector, which will now be divided into four new realms to be explored: Unique &amp; Eclectic, Today, Forever, and Craft. Through this four sectors, Maison et Objet will offer styles and trends just as diverse as ever before, with the assistance of the most exclusive luxury brands within these sectors.<\/div>\n<div><\/div>\n<p>\u00a0<\/p>\n<div><\/div>\n<div><a href=\"https:\/\/maisonvalentina.net\/?utm_source=artigoblogmv&amp;utm_medium=imagem&amp;utm_content=parisdesignweek2018&amp;utm_campaign=blogmv\" target=\"_blank\" rel=\"noopener\" title=\"\"><img decoding=\"async\" class=\"aligncenter wp-image-10931 size-full\" title=\"Embrace-the-Return-of-Maison-et-Objet-with-a-New-Perspective-In-Mind-1 Embrace-the-Return-of-Maison-et-Objet-with-a-New-Perspective-In-Mind-1\" src=\"http:\/\/mydesignagenda.com\/wp-content\/uploads\/2018\/07\/Embrace-the-Return-of-Maison-et-Objet-with-a-New-Perspective-In-Mind-1.jpg\" sizes=\"(max-width: 800px) 100vw, 800px\" srcset=\"http:\/\/mydesignagenda.com\/wp-content\/uploads\/2018\/07\/Embrace-the-Return-of-Maison-et-Objet-with-a-New-Perspective-In-Mind-1.jpg 800w, http:\/\/mydesignagenda.com\/wp-content\/uploads\/2018\/07\/Embrace-the-Return-of-Maison-et-Objet-with-a-New-Perspective-In-Mind-1-768x431.jpg 768w\" alt=\"\" width=\"800\" height=\"449\" data-jpibfi-post-excerpt=\"\" data-jpibfi-post-url=\"http:\/\/mydesignagenda.com\/discover-miss-paris-design-week\/\" data-jpibfi-post-title=\"Discover What Events Not to Miss at the Next Paris Design Week\" data-jpibfi-src=\"http:\/\/mydesignagenda.com\/wp-content\/uploads\/2018\/07\/Embrace-the-Return-of-Maison-et-Objet-with-a-New-Perspective-In-Mind-1.jpg\" data-jpibfi-indexer=\"5\"><\/a><\/div>\n<div><\/div>\n<p>\u00a0<\/p>\n<div><\/div>\n<div>On the other hand, the beauty of this design and lifestyle event is that it is highly appreciated\u00a0by respected buyers both French and international. These are always searching for the latest product novelties, so the presence of the Objet hub by typology is more crucial than ever. For this edition, M&amp;O has simplified the process into seven categories:<em><strong>\u00a0Cook &amp; Share<\/strong><\/em>,\u00a0<em><strong>Smart Gift<\/strong><\/em>,\u00a0<em><strong>Fashion Accessories<\/strong><\/em>,\u00a0<em><strong>Kids &amp; Family<\/strong><\/em>,\u00a0<em><strong>Home Accessories<\/strong><\/em>,\u00a0<em><strong>Home Fragrance<\/strong><\/em>, and\u00a0<em><strong>Home Linen<\/strong><\/em>!\u00a0With this new format that is way more elegant and simple, Maison et Objet wants to retain the title of one of the world\u2019s most beloved tradeshow and the perfect stage for industry professionals and design enthusiasts to discover new trends and expressions in a multitude of sectors. This edition\u2019s Designer of the Year will be\u00a0<a href=\"http:\/\/mydesignagenda.com\/learn-ramy-fischler-designer-year-mo\/\" target=\"_blank\" rel=\"noopener\" title=\"\">Belgium\u2019s Ray Fischler<\/a>, and the Rising Talent Section will be dedicated to\u00a0<a href=\"http:\/\/mydesignagenda.com\/maison-objet-2018-september-meet-new-rising-talents\/\" target=\"_blank\" rel=\"noopener\" title=\"\">Rising Talents for Lebanon<\/a>!<\/div>\n<p>\u00a0<\/p>\n<div><\/div>\n<div><a href=\"https:\/\/maisonvalentina.net\/?utm_source=artigoblogmv&amp;utm_medium=imagem&amp;utm_content=parisdesignweek2018&amp;utm_campaign=blogmv\" target=\"_blank\" rel=\"noopener\" title=\"\"><img decoding=\"async\" class=\"aligncenter wp-image-11089\" title=\"Covet-Contract-Makes-Its-First-Appearance-at-Maison-et-Objet-Paris-3-8 Covet-Contract-Makes-Its-First-Appearance-at-Maison-et-Objet-Paris-3-8\" src=\"http:\/\/mydesignagenda.com\/wp-content\/uploads\/2018\/08\/Covet-Contract-Makes-Its-First-Appearance-at-Maison-et-Objet-Paris-3-8.jpg\" sizes=\"(max-width: 800px) 100vw, 800px\" srcset=\"http:\/\/mydesignagenda.com\/wp-content\/uploads\/2018\/08\/Covet-Contract-Makes-Its-First-Appearance-at-Maison-et-Objet-Paris-3-8.jpg 1000w, http:\/\/mydesignagenda.com\/wp-content\/uploads\/2018\/08\/Covet-Contract-Makes-Its-First-Appearance-at-Maison-et-Objet-Paris-3-8-800x533.jpg 800w, http:\/\/mydesignagenda.com\/wp-content\/uploads\/2018\/08\/Covet-Contract-Makes-Its-First-Appearance-at-Maison-et-Objet-Paris-3-8-768x511.jpg 768w, http:\/\/mydesignagenda.com\/wp-content\/uploads\/2018\/08\/Covet-Contract-Makes-Its-First-Appearance-at-Maison-et-Objet-Paris-3-8-676x450.jpg 676w\" alt=\"\" width=\"800\" height=\"533\" data-jpibfi-post-excerpt=\"\" data-jpibfi-post-url=\"http:\/\/mydesignagenda.com\/discover-miss-paris-design-week\/\" data-jpibfi-post-title=\"Discover What Events Not to Miss at the Next Paris Design Week\" data-jpibfi-src=\"http:\/\/mydesignagenda.com\/wp-content\/uploads\/2018\/08\/Covet-Contract-Makes-Its-First-Appearance-at-Maison-et-Objet-Paris-3-8.jpg\" data-jpibfi-indexer=\"6\"><\/a><\/div>\n<div><\/div>\n<p>\u00a0<\/p>\n<div>This edition will also feature several luxury exhibitors and we have to highlight the presence of notorious brands like\u00a0<a href=\"https:\/\/www.covethouse.eu\/\" target=\"_blank\" rel=\"noopener\" title=\"\">Covet House and\u00a0<\/a><a href=\"https:\/\/pullcast.eu\/\" target=\"_blank\" rel=\"noopener\" title=\"\">PullCast<\/a>\u00a0(CH Hall 7 \u2013 Stand B52 \u2013 C51). The Covet House stand will englobe every brand from The Covet Group so you can expect to find at this stand all the major furniture pieces form this design group.<\/div>\n<div><\/div>\n<p>\u00a0<\/p>\n<div><a href=\"https:\/\/maisonvalentina.net\/?utm_source=artigoblogmv&amp;utm_medium=imagem&amp;utm_content=parisdesignweek2018&amp;utm_campaign=blogmv\" target=\"_blank\" rel=\"noopener\" title=\"\"><img decoding=\"async\" class=\"aligncenter wp-image-11090\" title=\"2017-january-brabbu-maison-objet-2017-HR-15 2017-january-brabbu-maison-objet-2017-HR-15\" src=\"http:\/\/mydesignagenda.com\/wp-content\/uploads\/2018\/08\/2017-january-brabbu-maison-objet-2017-HR-15.jpg\" sizes=\"(max-width: 800px) 100vw, 800px\" srcset=\"http:\/\/mydesignagenda.com\/wp-content\/uploads\/2018\/08\/2017-january-brabbu-maison-objet-2017-HR-15.jpg 980w, http:\/\/mydesignagenda.com\/wp-content\/uploads\/2018\/08\/2017-january-brabbu-maison-objet-2017-HR-15-800x371.jpg 800w, http:\/\/mydesignagenda.com\/wp-content\/uploads\/2018\/08\/2017-january-brabbu-maison-objet-2017-HR-15-768x357.jpg 768w, http:\/\/mydesignagenda.com\/wp-content\/uploads\/2018\/08\/2017-january-brabbu-maison-objet-2017-HR-15-969x450.jpg 969w\" alt=\"\" width=\"800\" height=\"371\" data-jpibfi-post-excerpt=\"\" data-jpibfi-post-url=\"http:\/\/mydesignagenda.com\/discover-miss-paris-design-week\/\" data-jpibfi-post-title=\"Discover What Events Not to Miss at the Next Paris Design Week\" data-jpibfi-src=\"http:\/\/mydesignagenda.com\/wp-content\/uploads\/2018\/08\/2017-january-brabbu-maison-objet-2017-HR-15.jpg\" data-jpibfi-indexer=\"7\"><\/a><\/div>\n<div><\/div>\n<p>\u00a0<\/p>\n<div>The famous luxury brand\u00a0<strong><a href=\"https:\/\/brabbu.com\/\" target=\"_blank\" rel=\"noopener\" title=\"\">Brabbu<\/a>\u00a0(BB Hall 6 \u2013 Stand H38 \u2013 I37)<\/strong>\u00a0will also be present at Maison &amp; Objet! You can expect to find some of the best design pieces inspired by nature with the quality Brabbu has presented in the past!<\/div>\n<div><\/div>\n<p><a href=\"https:\/\/maisonvalentina.net\/?utm_source=artigoblogmv&amp;utm_medium=imagem&amp;utm_content=parisdesignweek2018&amp;utm_campaign=blogmv\" target=\"_blank\" rel=\"noopener\" title=\"\"><img decoding=\"async\" class=\"aligncenter wp-image-11136\" title=\"ike-chandelier-delightfull ike-chandelier-delightfull\" src=\"http:\/\/mydesignagenda.com\/wp-content\/uploads\/2018\/08\/ike-chandelier-delightfull.jpg\" sizes=\"(max-width: 800px) 100vw, 800px\" srcset=\"http:\/\/mydesignagenda.com\/wp-content\/uploads\/2018\/08\/ike-chandelier-delightfull.jpg 650w, http:\/\/mydesignagenda.com\/wp-content\/uploads\/2018\/08\/ike-chandelier-delightfull-627x800.jpg 627w, http:\/\/mydesignagenda.com\/wp-content\/uploads\/2018\/08\/ike-chandelier-delightfull-353x450.jpg 353w\" alt=\"\" width=\"800\" height=\"1020\" data-jpibfi-post-excerpt=\"\" data-jpibfi-post-url=\"http:\/\/mydesignagenda.com\/discover-miss-paris-design-week\/\" data-jpibfi-post-title=\"Discover What Events Not to Miss at the Next Paris Design Week\" data-jpibfi-src=\"http:\/\/mydesignagenda.com\/wp-content\/uploads\/2018\/08\/ike-chandelier-delightfull.jpg\" data-jpibfi-indexer=\"8\"><\/a><\/p>\n<div><\/div>\n<div>If you are looking for a stunning lighting product for your next Contract Project, then you should take a look at\u00a0<a href=\"https:\/\/www.delightfull.eu\/\" target=\"_blank\" rel=\"noopener\" title=\"\">DelightFull (DL Hall 6 | Stand N112 \u2013 O111)<\/a>. This luxury brand will showcase, once again, it\u2019s stunning products in Paris, like the<a href=\"https:\/\/www.delightfull.eu\/en\/heritage\/suspension\/ike\" title=\"\">\u00a0Ike Suspension Lamp<\/a>that you can see above! The Galliano Lamp and other\u00a0<a href=\"https:\/\/www.delightfull.eu\/en\/heritage\/wall?utm_source=Home-Page&amp;utm_medium=primeiromenuvisual&amp;utm_content=Wall&amp;utm_campaign=Visual-Menu\" title=\"\">Major Wall Lamps will be there too!<\/a>\n<\/div>\n<div><\/div>\n<p><a href=\"https:\/\/maisonvalentina.net\/?utm_source=artigoblogmv&amp;utm_medium=imagem&amp;utm_content=parisdesignweek2018&amp;utm_campaign=blogmv\" target=\"_blank\" rel=\"noopener\" title=\"\"><img decoding=\"async\" class=\"aligncenter wp-image-11137 size-full\" title=\"150976-12034952 150976-12034952\" src=\"http:\/\/mydesignagenda.com\/wp-content\/uploads\/2018\/08\/150976-12034952.jpg\" sizes=\"(max-width: 800px) 100vw, 800px\" srcset=\"http:\/\/mydesignagenda.com\/wp-content\/uploads\/2018\/08\/150976-12034952.jpg 800w, http:\/\/mydesignagenda.com\/wp-content\/uploads\/2018\/08\/150976-12034952-768x497.jpg 768w, http:\/\/mydesignagenda.com\/wp-content\/uploads\/2018\/08\/150976-12034952-695x450.jpg 695w\" alt=\"\" width=\"800\" height=\"518\" data-jpibfi-post-excerpt=\"\" data-jpibfi-post-url=\"http:\/\/mydesignagenda.com\/discover-miss-paris-design-week\/\" data-jpibfi-post-title=\"Discover What Events Not to Miss at the Next Paris Design Week\" data-jpibfi-src=\"http:\/\/mydesignagenda.com\/wp-content\/uploads\/2018\/08\/150976-12034952.jpg\" data-jpibfi-indexer=\"9\"><\/a><a href=\"https:\/\/maisonvalentina.net\/?utm_source=artigoblogmv&amp;utm_medium=imagem&amp;utm_content=parisdesignweek2018&amp;utm_campaign=blogmv\" title=\"\"><img decoding=\"async\" class=\"aligncenter wp-image-11138\" title=\"Monocles-Cabinet-Open Monocles-Cabinet-Open\" src=\"http:\/\/mydesignagenda.com\/wp-content\/uploads\/2018\/08\/Monocles-Cabinet-Open.jpg\" sizes=\"(max-width: 800px) 100vw, 800px\" srcset=\"http:\/\/mydesignagenda.com\/wp-content\/uploads\/2018\/08\/Monocles-Cabinet-Open.jpg 768w, http:\/\/mydesignagenda.com\/wp-content\/uploads\/2018\/08\/Monocles-Cabinet-Open-494x450.jpg 494w\" alt=\"Discover What Events Not to Miss at the Next Paris Design Week paris design week Discover What Events Not to Miss at the Next Paris Design Week Monocles Cabinet Open\" width=\"800\" height=\"729\" data-jpibfi-post-excerpt=\"\" data-jpibfi-post-url=\"http:\/\/mydesignagenda.com\/discover-miss-paris-design-week\/\" data-jpibfi-post-title=\"Discover What Events Not to Miss at the Next Paris Design Week\" data-jpibfi-src=\"http:\/\/mydesignagenda.com\/wp-content\/uploads\/2018\/08\/Monocles-Cabinet-Open.jpg\" data-jpibfi-indexer=\"10\"><\/a><\/p>\n<div>We move on to\u00a0<a href=\"http:\/\/essentialhome.eu\/\" target=\"_blank\" rel=\"noopener\" title=\"\">Essential Home<\/a>\u00a0(DL Hall 6 | Stand N112 \u2013 O111), the sister brand of Delightful. These two brands have been dominating the Lighting and Mid-Century Modern sectors. Essential Home will bring it\u2019s Mid-Century Power to Maison et Objet, namely with their Contract Collection that includes the\u00a0<a href=\"http:\/\/essentialhome.eu\/products\/upholstery\/collins-bar-chair\" target=\"_blank\" rel=\"noopener\" title=\"\">Collins Bar Chair<\/a>\u00a0or the\u00a0<a href=\"http:\/\/essentialhome.eu\/products\/casegoods\/monocles-cabinet\" target=\"_blank\" rel=\"noopener\" title=\"\">Monocle Cabinet!<\/a>\n<\/div>\n<div><\/div>\n<div><\/div>\n<div>\n<p><em><strong>See Also:\u00a0<a href=\"http:\/\/maisonvalentina.net\/blog\/hottest-bathroom-design-trends-for-summer-2018\/\" target=\"_blank\" rel=\"noopener\" title=\"\">The Hottest Bathroom Design Trends for Summer 2018<\/a><\/strong><\/em><\/p>\n<p><a href=\"https:\/\/maisonvalentina.net\/en\/products\/vessel-sinks\/eden-vessel-sink?utm_source=artigoblogmv&amp;utm_medium=bannerartigo&amp;utm_content=edenvesselsink&amp;utm_campaign=blogmv\" title=\"\"><img decoding=\"async\" class=\"pinit-hover aligncenter wp-image-19686 size-full\" title=\"ad7ef46e-0b09-4209-8213-abe76006e256 ad7ef46e-0b09-4209-8213-abe76006e256 ad7ef46e-0b09-4209-8213-abe76006e256 ad7ef46e-0b09-4209-8213-abe76006e256 ad7ef46e-0b09-4209-8213-abe76006e256 ad7ef46e-0b09-4209-8213-abe76006e256 ad7ef46e-0b09-4209-8213-abe76006e256 ad7ef46e-0b09-4209-8213-abe76006e256 ad7ef46e-0b09-4209-8213-abe76006e256 ad7ef46e-0b09-4209-8213-abe76006e256 ad7ef46e-0b09-4209-8213-abe76006e256 ad7ef46e-0b09-4209-8213-abe76006e256 ad7ef46e-0b09-4209-8213-abe76006e256 ad7ef46e-0b09-4209-8213-abe76006e256 ad7ef46e-0b09-4209-8213-abe76006e256 ad7ef46e-0b09-4209-8213-abe76006e256 ad7ef46e-0b09-4209-8213-abe76006e256 ad7ef46e-0b09-4209-8213-abe76006e256 ad7ef46e-0b09-4209-8213-abe76006e256 ad7ef46e-0b09-4209-8213-abe76006e256 ad7ef46e-0b09-4209-8213-abe76006e256 ad7ef46e-0b09-4209-8213-abe76006e256 ad7ef46e-0b09-4209-8213-abe76006e256 ad7ef46e-0b09-4209-8213-abe76006e256 ad7ef46e-0b09-4209-8213-abe76006e256 ad7ef46e-0b09-4209-8213-abe76006e256 ad7ef46e-0b09-4209-8213-abe76006e256 ad7ef46e-0b09-4209-8213-abe76006e256 ad7ef46e-0b09-4209-8213-abe76006e256 ad7ef46e-0b09-4209-8213-abe76006e256 ad7ef46e-0b09-4209-8213-abe76006e256 ad7ef46e-0b09-4209-8213-abe76006e256\" src=\"http:\/\/maisonvalentina.net\/blog\/wp-content\/uploads\/2018\/07\/ad7ef46e-0b09-4209-8213-abe76006e256.jpg\" sizes=\"(max-width: 750px) 100vw, 750px\" srcset=\"http:\/\/maisonvalentina.net\/blog\/wp-content\/uploads\/2018\/07\/ad7ef46e-0b09-4209-8213-abe76006e256.jpg 750w, http:\/\/maisonvalentina.net\/blog\/wp-content\/uploads\/2018\/07\/ad7ef46e-0b09-4209-8213-abe76006e256-155x27.jpg 155w, http:\/\/maisonvalentina.net\/blog\/wp-content\/uploads\/2018\/07\/ad7ef46e-0b09-4209-8213-abe76006e256-300x52.jpg 300w, http:\/\/maisonvalentina.net\/blog\/wp-content\/uploads\/2018\/07\/ad7ef46e-0b09-4209-8213-abe76006e256-560x97.jpg 560w\" alt=\"\" width=\"750\" height=\"130\" data-jpibfi-description=\"\" data-jpibfi-post-excerpt=\"\" data-jpibfi-post-url=\"http:\/\/maisonvalentina.net\/blog\/5-fresh-design-ideas-for-an-outdoor-shower\/\" data-jpibfi-post-title=\"5 Fresh Design Ideas For An Outdoor Shower\" data-jpibfi-src=\"http:\/\/maisonvalentina.net\/blog\/wp-content\/uploads\/2018\/07\/ad7ef46e-0b09-4209-8213-abe76006e256.jpg\" data-jpibfi-indexer=\"5\"><\/a><\/p>\n<\/div>\n<div><\/div>\n<p>\u00a0<\/p>\n<div><a href=\"https:\/\/maisonvalentina.net\/?utm_source=artigoblogmv&amp;utm_medium=imagem&amp;utm_content=parisdesignweek2018&amp;utm_campaign=blogmv\" target=\"_blank\" rel=\"noopener\" title=\"\"><img decoding=\"async\" class=\"wp-image-9475 size-full aligncenter\" title=\"Nordic-Design-At-IMM-Cologne-2018-4 Nordic-Design-At-IMM-Cologne-2018-4\" src=\"http:\/\/mydesignagenda.com\/wp-content\/uploads\/2018\/01\/Nordic-Design-At-IMM-Cologne-2018-4.jpg\" sizes=\"(max-width: 800px) 100vw, 800px\" srcset=\"http:\/\/mydesignagenda.com\/wp-content\/uploads\/2018\/01\/Nordic-Design-At-IMM-Cologne-2018-4.jpg 800w, http:\/\/mydesignagenda.com\/wp-content\/uploads\/2018\/01\/Nordic-Design-At-IMM-Cologne-2018-4-547x800.jpg 547w, http:\/\/mydesignagenda.com\/wp-content\/uploads\/2018\/01\/Nordic-Design-At-IMM-Cologne-2018-4-768x1123.jpg 768w, http:\/\/mydesignagenda.com\/wp-content\/uploads\/2018\/01\/Nordic-Design-At-IMM-Cologne-2018-4-308x450.jpg 308w\" alt=\"Discover What Events Not to Miss at the Next Paris Design Week paris design week Discover What Events Not to Miss at the Next Paris Design Week Nordic Design At IMM Cologne 2018 4\" width=\"800\" height=\"1170\" data-jpibfi-post-excerpt=\"\" data-jpibfi-post-url=\"http:\/\/mydesignagenda.com\/discover-miss-paris-design-week\/\" data-jpibfi-post-title=\"Discover What Events Not to Miss at the Next Paris Design Week\" data-jpibfi-src=\"http:\/\/mydesignagenda.com\/wp-content\/uploads\/2018\/01\/Nordic-Design-At-IMM-Cologne-2018-4.jpg\" data-jpibfi-indexer=\"11\"><\/a><\/div>\n<div><\/div>\n<p>\u00a0<\/p>\n<div>All in all, more than 3000 Exhibitors will be featured at this event!\u00a0<strong><a href=\"http:\/\/www.imperial-line.com\/\" target=\"_blank\" rel=\"noopener\" title=\"\">Imperial Line<\/a>\u00a0(BB Hall 6 \u2013 Stand H35 \u2013 I31),\u00a0<a href=\"https:\/\/www.miacara.com\/\" target=\"_blank\" rel=\"noopener\" title=\"\">Miacara<\/a>\u00a0(BB Hall 6 \u2013 Stand H115),\u00a0<a href=\"http:\/\/www.enostudio.fr\/\" target=\"_blank\" rel=\"noopener\" title=\"\">EnoStudio<\/a>\u00a0(BB Hall 6 \u2013 Stand H16),\u00a0<a href=\"https:\/\/www.norr11.com\/\" target=\"_blank\" rel=\"noopener\" title=\"\">NOR11<\/a>\u00a0(BB Hall 6 \u2013 Stand J89) and\u00a0<a href=\"https:\/\/framacph.com\/frama-collection\" title=\"\">Frama<\/a>\u00a0(BB Hall 6 \u2013 Stand H38)<\/strong>\u00a0will also be joining the luxury brands mentioned above in this amazing event!<\/div>\n<div><\/div>\n<p>\u00a0<\/p>\n<div><\/div>\n<div><a href=\"https:\/\/maisonvalentina.net\/?utm_source=artigoblogmv&amp;utm_medium=imagem&amp;utm_content=parisdesignweek2018&amp;utm_campaign=blogmv\" title=\"\"><img decoding=\"async\" class=\"wp-image-11088 aligncenter\" title=\"enostudios enostudios\" src=\"http:\/\/mydesignagenda.com\/wp-content\/uploads\/2018\/08\/enostudios.jpg\" sizes=\"(max-width: 800px) 100vw, 800px\" srcset=\"http:\/\/mydesignagenda.com\/wp-content\/uploads\/2018\/08\/enostudios.jpg 774w, http:\/\/mydesignagenda.com\/wp-content\/uploads\/2018\/08\/enostudios-768x700.jpg 768w, http:\/\/mydesignagenda.com\/wp-content\/uploads\/2018\/08\/enostudios-494x450.jpg 494w\" alt=\"Discover What Events Not to Miss at the Next Paris Design Week paris design week Discover What Events Not to Miss at the Next Paris Design Week enostudios\" width=\"800\" height=\"729\" data-jpibfi-post-excerpt=\"\" data-jpibfi-post-url=\"http:\/\/mydesignagenda.com\/discover-miss-paris-design-week\/\" data-jpibfi-post-title=\"Discover What Events Not to Miss at the Next Paris Design Week\" data-jpibfi-src=\"http:\/\/mydesignagenda.com\/wp-content\/uploads\/2018\/08\/enostudios.jpg\" data-jpibfi-indexer=\"12\"><\/a><\/div>\n<div><\/div>\n<p>\u00a0<\/p>\n<div>Besides Maison et Objet, Paris Design Week will feature other design events across the city. The Le Off Event it\u2019s going for its eighth edition. The exhibition is leaving Les Docks \u2013 Cit\u00e9 de la Mode et du Design and moving to Ground Control Paris, in Rue du Charolais, in a temporary art venue owned by the French national railway company SNCF. What better location to spark the imagination of young designers than Paris\u2019s foremost alternative scene? Pending rehabilitation, the former mail sorting center, located just a stone\u2019s throw from the Gare de Lyon train station, has been turned into a friendly cross-disciplinary venue where people can meet, share ideas, exhibit their art, make new discoveries and experiment. During Paris Design Week, the venue will become a stage for a selection of more than 40 up-and-coming designers from all over the world.<\/div>\n<div><\/div>\n<p>\u00a0<\/p>\n<div><\/div>\n<p><a href=\"https:\/\/maisonvalentina.net\/?utm_source=artigoblogmv&amp;utm_medium=imagem&amp;utm_content=parisdesignweek2018&amp;utm_campaign=blogmv\" title=\"\"><img decoding=\"async\" class=\"aligncenter wp-image-10941 size-full\" title=\"Embrace-the-Return-of-Maison-et-Objet-with-a-New-Perspective-In-Mind-6 Embrace-the-Return-of-Maison-et-Objet-with-a-New-Perspective-In-Mind-6\" src=\"http:\/\/mydesignagenda.com\/wp-content\/uploads\/2018\/07\/Embrace-the-Return-of-Maison-et-Objet-with-a-New-Perspective-In-Mind-6.jpg\" sizes=\"(max-width: 800px) 100vw, 800px\" srcset=\"http:\/\/mydesignagenda.com\/wp-content\/uploads\/2018\/07\/Embrace-the-Return-of-Maison-et-Objet-with-a-New-Perspective-In-Mind-6.jpg 800w, http:\/\/mydesignagenda.com\/wp-content\/uploads\/2018\/07\/Embrace-the-Return-of-Maison-et-Objet-with-a-New-Perspective-In-Mind-6-768x768.jpg 768w, http:\/\/mydesignagenda.com\/wp-content\/uploads\/2018\/07\/Embrace-the-Return-of-Maison-et-Objet-with-a-New-Perspective-In-Mind-6-450x450.jpg 450w, http:\/\/mydesignagenda.com\/wp-content\/uploads\/2018\/07\/Embrace-the-Return-of-Maison-et-Objet-with-a-New-Perspective-In-Mind-6-550x550.jpg 550w, http:\/\/mydesignagenda.com\/wp-content\/uploads\/2018\/07\/Embrace-the-Return-of-Maison-et-Objet-with-a-New-Perspective-In-Mind-6-470x470.jpg 470w\" alt=\"Discover What Events Not to Miss at the Next Paris Design Week paris design week Discover What Events Not to Miss at the Next Paris Design Week Embrace the Return of Maison et Objet with a New Perspective In Mind 6\" width=\"800\" height=\"800\" data-jpibfi-post-excerpt=\"\" data-jpibfi-post-url=\"http:\/\/mydesignagenda.com\/discover-miss-paris-design-week\/\" data-jpibfi-post-title=\"Discover What Events Not to Miss at the Next Paris Design Week\" data-jpibfi-src=\"http:\/\/mydesignagenda.com\/wp-content\/uploads\/2018\/07\/Embrace-the-Return-of-Maison-et-Objet-with-a-New-Perspective-In-Mind-6.jpg\" data-jpibfi-indexer=\"13\"><\/a><\/p>\n<div><\/div>\n<p>\u00a0<\/p>\n<div>Included in the Maison et Objet Program, the Paris Design Week will also promote a series of Masterclasses at The Talks Event that will be led by Chantal Hamaide. This event will open up the floor to the industry\u2019s most influential figures, those who practice design and are committed to its advancement. This event will take place at Ground Control, that will also feature the Award Ceremony of the Rado Star Prize. Organised for the sixth consecutive year, the Rado Star Prize offers a stage for the new generation of design professionals. This year, the theme of the contest is \u201cDesign Inspired by Nature\u201d: a chance to research materials and textures, explore concepts like resilience, transmission, durability, raise awareness of new consumption behaviors, and end foreseen obsolescence. The winner will be awarded during the Design Week.<\/div>\n<div><\/div>\n<div><\/div>\n<p>\u00a0<\/p>\n<div>\n<h4><strong>PARIS DESIGN WEEK 2018 \u2013 SMALL EVENTS<\/strong><\/h4>\n<p><a href=\"https:\/\/maisonvalentina.net\/?utm_source=artigoblogmv&amp;utm_medium=imagem&amp;utm_content=parisdesignweek2018&amp;utm_campaign=blogmv\" target=\"_blank\" rel=\"noopener\" title=\"\"><img decoding=\"async\" class=\"wp-image-1490 aligncenter\" title=\"Maison-Objet-September-2016-Guide-Paris-in-a-Nutshell-4 Maison-Objet-September-2016-Guide-Paris-in-a-Nutshell-4\" src=\"http:\/\/mydesignagenda.com\/wp-content\/uploads\/2016\/08\/Maison-Objet-September-2016-Guide-Paris-in-a-Nutshell-4.jpg\" sizes=\"(max-width: 800px) 100vw, 800px\" srcset=\"http:\/\/mydesignagenda.com\/wp-content\/uploads\/2016\/08\/Maison-Objet-September-2016-Guide-Paris-in-a-Nutshell-4.jpg 945w, http:\/\/mydesignagenda.com\/wp-content\/uploads\/2016\/08\/Maison-Objet-September-2016-Guide-Paris-in-a-Nutshell-4-800x600.jpg 800w, http:\/\/mydesignagenda.com\/wp-content\/uploads\/2016\/08\/Maison-Objet-September-2016-Guide-Paris-in-a-Nutshell-4-768x576.jpg 768w, http:\/\/mydesignagenda.com\/wp-content\/uploads\/2016\/08\/Maison-Objet-September-2016-Guide-Paris-in-a-Nutshell-4-600x450.jpg 600w\" alt=\"Discover What Events Not to Miss at the Next Paris Design Week paris design week Discover What Events Not to Miss at the Next Paris Design Week Maison Objet September 2016 Guide Paris in a Nutshell 4\" width=\"800\" height=\"600\" data-jpibfi-post-excerpt=\"\" data-jpibfi-post-url=\"http:\/\/mydesignagenda.com\/discover-miss-paris-design-week\/\" data-jpibfi-post-title=\"Discover What Events Not to Miss at the Next Paris Design Week\" data-jpibfi-src=\"http:\/\/mydesignagenda.com\/wp-content\/uploads\/2016\/08\/Maison-Objet-September-2016-Guide-Paris-in-a-Nutshell-4.jpg\" data-jpibfi-indexer=\"14\"><\/a><\/p>\n<\/div>\n<div><\/div>\n<div>There will be plenty of events occurring around the city.\u00a0Four of the city\u2019s most vibrant districts will celebrate the creative industry:\u00a0<strong>Saint-Germain-des-Pr\u00e9s, Les Halles-Marais-Bastille, Op\u00e9ra-Concorde-\u00c9toile and Barb\u00e8s-Stalingrad-Saint Ouen.<\/strong>\u00a0And for each of them, a special evening filled with exciting private views and events, bringing\u00a0together the entire design community. One of those pays homage to Japan.\u00a0Echoing the city-wide event Japonismes 2018, Paris Design Week compiled all events dedicated to Japan into a single itinerary.\u00a0<strong>The high point of the event will be the Eiffel Tower\u2019s new lighting designed by mother-and-daughter lighting gurus Motoko Ishii and Akari-Lisa Ishii to evoke\u00a0<\/strong><strong>the radiance of the rising sun.<\/strong>\u00a0\u00a0Exploring both traditional arts and Japan\u2019s new technology, it will be an event to remember! The Eiffel Tower, lit up in white, adorned with a red rising sun.<\/div>\n<div><\/div>\n<p>\u00a0<\/p>\n<div>During the duration of the P<strong>aris Design Week, Les Ateliers de Paris open their Rue du Faubourg Saint Antoine headquarters to C\u00e9line Pelc\u00e9<\/strong>, who has created an experimental space artfully combining a gallery and a dining hall. The exhibition will question dining rituals and confront them with the rituals observed during a vernissage. An experience of togetherness, people meeting up to interact according to strict pre-established rules, Les Ateliers de Paris is at the core of the city\u2019s urban planning policy. It delivers services tailored to help professionals develop their business and provides offices to entrepreneurs with a creative project. Offering an \u201cincubator for creative professionals\u201d, Les Ateliers de Paris is deeply committed to the promotion of young creative professionals.<\/div>\n<div><\/div>\n<p>\u00a0<\/p>\n<div><\/div>\n<div><a href=\"https:\/\/maisonvalentina.net\/?utm_source=artigoblogmv&amp;utm_medium=imagem&amp;utm_content=parisdesignweek2018&amp;utm_campaign=blogmv\" target=\"_blank\" rel=\"noopener\" title=\"\"><img decoding=\"async\" class=\"aligncenter wp-image-11084 size-full\" title=\"SalonHexpo084 SalonHexpo084\" src=\"http:\/\/mydesignagenda.com\/wp-content\/uploads\/2018\/08\/SalonHexpo084.jpg\" sizes=\"(max-width: 800px) 100vw, 800px\" srcset=\"http:\/\/mydesignagenda.com\/wp-content\/uploads\/2018\/08\/SalonHexpo084.jpg 800w, http:\/\/mydesignagenda.com\/wp-content\/uploads\/2018\/08\/SalonHexpo084-768x512.jpg 768w, http:\/\/mydesignagenda.com\/wp-content\/uploads\/2018\/08\/SalonHexpo084-675x450.jpg 675w\" alt=\"Discover What Events Not to Miss at the Next Paris Design Week paris design week Discover What Events Not to Miss at the Next Paris Design Week SalonHexpo084\" width=\"800\" height=\"533\" data-jpibfi-post-excerpt=\"\" data-jpibfi-post-url=\"http:\/\/mydesignagenda.com\/discover-miss-paris-design-week\/\" data-jpibfi-post-title=\"Discover What Events Not to Miss at the Next Paris Design Week\" data-jpibfi-src=\"http:\/\/mydesignagenda.com\/wp-content\/uploads\/2018\/08\/SalonHexpo084.jpg\" data-jpibfi-indexer=\"15\"><\/a><\/div>\n<p>\u00a0<\/p>\n<div><\/div>\n<div>\n<strong>Designed by Ya\u00ebl Halberthal and Philippe Zagouri as a 21st-century salon, Salon H<\/strong>\u00a0is a place where people come to show their work and engage in conversation. At Salon H, visitors will find a highly stimulating new concept, a hub that\u00a0concentrates on unique experiences and backgrounds. It\u2019s a place you need to visit during this Design Week.\u00a0Starting 6 September, the Triode Design gallery in Rue Jacob will host Allied Maker for their very first exhibition in Paris. The New York-based practice, established by Ryden and Lanette Rizzo, designs and manufactures a range of refined and pared-down lights, made by assembling natural materials like brass, glass and solid wood, and exemplifying their unconditional love for artisanal craftsmanship. Check it out from<strong> Thursday 6 to Saturday 15 September 2018.<\/strong>\n<\/div>\n<div><\/div>\n<p>\u00a0<\/p>\n<div>During Paris Design Week, Italian brand\u00a0<a href=\"http:\/\/www.depadova.com\/\" target=\"_blank\" rel=\"noopener\" title=\"\"><strong>De Padova,<\/strong>\u00a0<\/a>which has recently opened a showroom in Rue de la Chaise, in the former Boffi Bains showroom, will present its new products unveiled in April in Milan. This year, the brand has chosen to focus on sofas, with two distinct new propositions Blendy and Erei, respectively designed by Omi Tahara and Elisa Ossino. Using round enveloping lines to counterbalance the thinness of the structure, Tahara and Ossino have successfully translated the spirit of the brand\u2019s late founders, Magdalena De Padova and Vico Magistretti. The two young designers will be present on Thursday 6 September to speak about their experience treading in the footsteps of the iconic Milan-based brand.<\/div>\n<div><\/div>\n<p>\u00a0<\/p>\n<div><\/div>\n<div><a href=\"https:\/\/maisonvalentina.net\/?utm_source=artigoblogmv&amp;utm_medium=imagem&amp;utm_content=parisdesignweek2018&amp;utm_campaign=blogmv\" target=\"_blank\" rel=\"noopener\" title=\"\"><img decoding=\"async\" class=\"aligncenter wp-image-1539\" title=\"Boffi-Chelsea-to-Launch-Boffi-Code-at-London-Design-Festival-1 Boffi-Chelsea-to-Launch-Boffi-Code-at-London-Design-Festival-1\" src=\"http:\/\/mydesignagenda.com\/wp-content\/uploads\/2016\/08\/Boffi-Chelsea-to-Launch-Boffi-Code-at-London-Design-Festival-1.jpg\" sizes=\"(max-width: 800px) 100vw, 800px\" srcset=\"http:\/\/mydesignagenda.com\/wp-content\/uploads\/2016\/08\/Boffi-Chelsea-to-Launch-Boffi-Code-at-London-Design-Festival-1.jpg 945w, http:\/\/mydesignagenda.com\/wp-content\/uploads\/2016\/08\/Boffi-Chelsea-to-Launch-Boffi-Code-at-London-Design-Festival-1-800x601.jpg 800w, http:\/\/mydesignagenda.com\/wp-content\/uploads\/2016\/08\/Boffi-Chelsea-to-Launch-Boffi-Code-at-London-Design-Festival-1-768x577.jpg 768w, http:\/\/mydesignagenda.com\/wp-content\/uploads\/2016\/08\/Boffi-Chelsea-to-Launch-Boffi-Code-at-London-Design-Festival-1-599x450.jpg 599w\" alt=\"Discover What Events Not to Miss at the Next Paris Design Week paris design week Discover What Events Not to Miss at the Next Paris Design Week Boffi Chelsea to Launch Boffi Code at London Design Festival 1\" width=\"800\" height=\"601\" data-jpibfi-post-excerpt=\"\" data-jpibfi-post-url=\"http:\/\/mydesignagenda.com\/discover-miss-paris-design-week\/\" data-jpibfi-post-title=\"Discover What Events Not to Miss at the Next Paris Design Week\" data-jpibfi-src=\"http:\/\/mydesignagenda.com\/wp-content\/uploads\/2016\/08\/Boffi-Chelsea-to-Launch-Boffi-Code-at-London-Design-Festival-1.jpg\" data-jpibfi-indexer=\"16\"><\/a><\/div>\n<div><\/div>\n<p>\u00a0<\/p>\n<div><\/div>\n<div>Boffi Paris continues its transformation and expands its showroom to include a dedicated bathroom space. The two contiguous showrooms \u2013 232 and 234 Boulevard Saint-Germain \u2013 provide an 8-meter-long window display opening onto the street. For Paris Design Week, the brand will present a special installation: 80 sqm on two levels showing the latest collections unveiled in April, at the Salone del Mobile.\u00a0Paris Design Week visitors will have a chance to discover designs created by Piero Lissoni, Keiji Takeuchi and Mikal Harrsen of MA\/U Studio for Boffi.<\/div>\n<div><\/div>\n<p>\u00a0<\/p>\n<div>When talking about color,\u00a0<strong>Atelier M\u00e9riguet-Carr\u00e8re<\/strong>\u00a0truly has a special place. Labelled Entreprise<strong>\u00a0du Patrimoine Vivant by the French Ministry for the Economy<\/strong>, the brand has delved into its archives and pulled out a palette of 144 colors. Harmonious shades, high-quality paints\u2026Architects and individual home-owners will find subtle nuances and signature hues hidden behind names like Blanc de Meudon, Alumine and Parchemin. Presented for the very first time in the atelier at\u00a0<strong>140 Boulevard Saint Germain<\/strong>, where visitors will appreciate the intense matt aspect and depth of the colors, M\u00e9riguet-Carr\u00e8re\u2019s color harmonies were elaborated for high-end interiors and the high-profile designers who imagine them.<\/div>\n<div><\/div>\n<p>\u00a0<\/p>\n<div><\/div>\n<div><a href=\"https:\/\/maisonvalentina.net\/?utm_source=artigoblogmv&amp;utm_medium=imagem&amp;utm_content=parisdesignweek2018&amp;utm_campaign=blogmv\" title=\"\"><img decoding=\"async\" class=\"wp-image-11087 aligncenter\" title=\"design-paris design-paris\" src=\"http:\/\/mydesignagenda.com\/wp-content\/uploads\/2018\/08\/design-paris.jpg\" sizes=\"(max-width: 800px) 100vw, 800px\" srcset=\"http:\/\/mydesignagenda.com\/wp-content\/uploads\/2018\/08\/design-paris.jpg 1761w, http:\/\/mydesignagenda.com\/wp-content\/uploads\/2018\/08\/design-paris-800x474.jpg 800w, http:\/\/mydesignagenda.com\/wp-content\/uploads\/2018\/08\/design-paris-768x455.jpg 768w, http:\/\/mydesignagenda.com\/wp-content\/uploads\/2018\/08\/design-paris-759x450.jpg 759w\" alt=\"Discover What Events Not to Miss at the Next Paris Design Week paris design week Discover What Events Not to Miss at the Next Paris Design Week design paris\" width=\"800\" height=\"474\" data-jpibfi-post-excerpt=\"\" data-jpibfi-post-url=\"http:\/\/mydesignagenda.com\/discover-miss-paris-design-week\/\" data-jpibfi-post-title=\"Discover What Events Not to Miss at the Next Paris Design Week\" data-jpibfi-src=\"http:\/\/mydesignagenda.com\/wp-content\/uploads\/2018\/08\/design-paris.jpg\" data-jpibfi-indexer=\"17\"><\/a><\/div>\n<div><\/div>\n<p>\u00a0<\/p>\n<div><\/div>\n<div>During Paris Design Week,\u00a0<strong>Steiner<\/strong>\u00a0will launch its new visual identity and retrace its flawless history of modernity. The brand\u2019s singular status on the French design scene is well established and was recognized as early as the 1920s. A cutting-edge, innovative and avant-garde brand during the time of Charles Steiner, the company has chosen to bring its past back to life during Paris Design Week, targeting a younger audience who enjoys historical \u2013 vintage and iconic \u2013 designs. For instance, Kwok Hoi Chan\u2019s Zen chair and Michel Mortier\u2019s velvet SF 103, which was a regular staple in offices of high-profile corporate executives all through the 60s.<\/div>\n<div><\/div>\n<p>\u00a0<\/p>\n<div>\n<strong>A similar approach was taken by the Disderot showroom in Passage Saint-Paul.<\/strong>\u00a0The exhibition will honor the brand\u2019s models, including some never shown before, from the postwar years. A time that today\u2019s generations have not experienced, but that still sparks a lot of interest from antique lovers. (Re)discover the works of Abraham &amp; Rol, Ren\u00e9Jean Caillette, Pierre Disderot, Roger Fatus, Michel Mortier, Joseph-Andr\u00e9 Motte, Pierre Paulin, Alain Richard, Olivier Mourgue and Pierre Guariche, that continue to be produced today with the greatest respect for the originals and the savoir-faire of Ateliers Pierre Disderot. All of this during the\u00a0<strong>Paris Design Week.<\/strong>\n<\/div>\n<div><\/div>\n<p>\u00a0<\/p>\n<div><\/div>\n<div><a href=\"https:\/\/maisonvalentina.net\/?utm_source=artigoblogmv&amp;utm_medium=imagem&amp;utm_content=parisdesignweek2018&amp;utm_campaign=blogmv\" target=\"_blank\" rel=\"noopener\" title=\"\"><img decoding=\"async\" class=\"alignnone wp-image-8331 aligncenter\" title=\"Covet-House-Maison-et-Objet-Paris-2017-10-min Covet-House-Maison-et-Objet-Paris-2017-10-min\" src=\"http:\/\/mydesignagenda.com\/wp-content\/uploads\/2017\/09\/Covet-House-Maison-et-Objet-Paris-2017-10-min.jpg\" sizes=\"(max-width: 800px) 100vw, 800px\" srcset=\"http:\/\/mydesignagenda.com\/wp-content\/uploads\/2017\/09\/Covet-House-Maison-et-Objet-Paris-2017-10-min.jpg 6720w, http:\/\/mydesignagenda.com\/wp-content\/uploads\/2017\/09\/Covet-House-Maison-et-Objet-Paris-2017-10-min-800x533.jpg 800w, http:\/\/mydesignagenda.com\/wp-content\/uploads\/2017\/09\/Covet-House-Maison-et-Objet-Paris-2017-10-min-768x512.jpg 768w, http:\/\/mydesignagenda.com\/wp-content\/uploads\/2017\/09\/Covet-House-Maison-et-Objet-Paris-2017-10-min-675x450.jpg 675w\" alt=\"Discover What Events Not to Miss at the Next Paris Design Week paris design week Discover What Events Not to Miss at the Next Paris Design Week Covet House Maison et Objet Paris 2017 10 min\" width=\"800\" height=\"533\" data-jpibfi-post-excerpt=\"\" data-jpibfi-post-url=\"http:\/\/mydesignagenda.com\/discover-miss-paris-design-week\/\" data-jpibfi-post-title=\"Discover What Events Not to Miss at the Next Paris Design Week\" data-jpibfi-src=\"http:\/\/mydesignagenda.com\/wp-content\/uploads\/2017\/09\/Covet-House-Maison-et-Objet-Paris-2017-10-min.jpg\" data-jpibfi-indexer=\"18\"><\/a><\/div>\n<p>\u00a0<\/p>\n<div><\/div>\n<div>The Covet Group opened last year a new<em><strong>\u00a0luxury design space<\/strong><\/em>\/showroom in Paris- This is the fourth luxury design space of its kind, following similar projects of the Covet Group in New York, London and Oporto. Just like those other projects, the\u00a0brand new Covet Paris house it\u2019s an elegant and magnificent place of luxury design that you simply cannot miss. This is an opulent palace of curated design that\u2019s home to several high-end brands, such as\u00a0<a href=\"http:\/\/www.bocadolobo.com\/en\/\" rel=\"noopener\" title=\"\">Boca do Lobo<\/a>,\u00a0<a href=\"http:\/\/www.luxxu.net\/\" rel=\"noopener\" title=\"\">Luxxu<\/a>,\u00a0<a href=\"https:\/\/www.brabbu.com\/\" rel=\"noopener\" title=\"\">Brabbu<\/a>,\u00a0<a href=\"http:\/\/essentialhome.eu\/\" rel=\"noopener\" title=\"\">Essential Home<\/a>,\u00a0<a href=\"http:\/\/www.delightfull.eu\/en\/\" rel=\"noopener\" title=\"\">Delightfull<\/a>,\u00a0<a href=\"http:\/\/www.circu.net\/?utm_source=Luxxu&amp;utm_medium=website&amp;utm_content=footer&amp;utm_campaign=partners\" rel=\"noopener\" title=\"\">Circu\u00a0<\/a>or\u00a0<a href=\"http:\/\/www.maisonvalentina.net\/\" rel=\"noopener\" title=\"\">Maison Valentina<\/a>. As any great palace, it\u2019s open for visits, including on weekends, so there is no excuse to miss a visit at this amazing house if you live in Paris, or if you are just visiting this amazing city. If you are an interior design lover, then this is an absolute must-see stop for you. And where can you find this house you ask? It\u2019s located at\u00a0154 Rue des Rosiers, 93400 Saint-Ouen, Paris-France. Durig the Paris Design Week it will have plenty of activities so book a visit!<\/div>\n<div><\/div>\n<p>\u00a0<\/p>\n<div><\/div>\n<div><\/div>\n<h4><strong>TOP RESTAURANTE &amp; HOTELS<\/strong><\/h4>\n<div>\n<div><\/div>\n<div><a href=\"https:\/\/maisonvalentina.net\/?utm_source=artigoblogmv&amp;utm_medium=imagem&amp;utm_content=parisdesignweek2018&amp;utm_campaign=blogmv\" target=\"_blank\" rel=\"noopener\" title=\"\"><img decoding=\"async\" class=\"wp-image-9393 aligncenter\" title=\"The-Ultimate-Guide-to-Follow-for-Maison-et-Objet-2018-3 The-Ultimate-Guide-to-Follow-for-Maison-et-Objet-2018-3\" src=\"http:\/\/mydesignagenda.com\/wp-content\/uploads\/2017\/12\/The-Ultimate-Guide-to-Follow-for-Maison-et-Objet-2018-3.jpg\" sizes=\"(max-width: 800px) 100vw, 800px\" srcset=\"http:\/\/mydesignagenda.com\/wp-content\/uploads\/2017\/12\/The-Ultimate-Guide-to-Follow-for-Maison-et-Objet-2018-3.jpg 850w, http:\/\/mydesignagenda.com\/wp-content\/uploads\/2017\/12\/The-Ultimate-Guide-to-Follow-for-Maison-et-Objet-2018-3-800x400.jpg 800w, http:\/\/mydesignagenda.com\/wp-content\/uploads\/2017\/12\/The-Ultimate-Guide-to-Follow-for-Maison-et-Objet-2018-3-768x384.jpg 768w\" alt=\"Discover What Events Not to Miss at the Next Paris Design Week paris design week Discover What Events Not to Miss at the Next Paris Design Week The Ultimate Guide to Follow for Maison et Objet 2018 3\" width=\"800\" height=\"400\" data-jpibfi-post-excerpt=\"\" data-jpibfi-post-url=\"http:\/\/mydesignagenda.com\/discover-miss-paris-design-week\/\" data-jpibfi-post-title=\"Discover What Events Not to Miss at the Next Paris Design Week\" data-jpibfi-src=\"http:\/\/mydesignagenda.com\/wp-content\/uploads\/2017\/12\/The-Ultimate-Guide-to-Follow-for-Maison-et-Objet-2018-3.jpg\" data-jpibfi-indexer=\"19\"><\/a><\/div>\n<div><\/div>\n<p>\u00a0<\/p>\n<div>\n<div>Based in the Parc des Expositions,\u00a0<em><strong>Maison et Objet\u00a02018<\/strong><\/em>\u00a0I almost upon us. If you don\u2019t know where to stay during the event, My Design Agenda has gathered some of the best luxury hotels in the city, that one should most definitely experience while attending the event, so don\u2019t waste another minute and start booking. A couple of good examples of luxury hotels for your stay are the\u00a0<a href=\"https:\/\/www.fourseasons.com\/paris\/\" target=\"_blank\" rel=\"noopener\" title=\"\"><em><strong>Four Seasons Hotel George V Paris<\/strong><\/em><\/a>\u00a0(<em>Address: 31 Avenue George V, 75008 Paris, France), the\u00a0<\/em><a href=\"https:\/\/www.rosewoodhotels.com\/en\/hotel-de-crillon\" target=\"_blank\" rel=\"noopener\" title=\"\"><em><strong>Hotel de Crillon<\/strong><\/em><\/a>\u00a0(<em>10 Place de la Concorde, 75008 Paris, France) or the\u00a0<\/em><a href=\"https:\/\/www.leroyalmonceau.com\/\" target=\"_blank\" rel=\"noopener\" title=\"\"><em><strong>H\u00f4tel Le Royal Monceau Raffles Paris<\/strong><\/em><\/a>\u00a0(<em>Address: 25 Avenue Montaigne, 75008 Paris<\/em><em>).\u00a0<\/em>But our favorite is the splendid five-star\u00a0<em><strong><a href=\"https:\/\/www.dorchestercollection.com\/en\/paris\/hotel-plaza-athenee\/\" target=\"_blank\" rel=\"noopener\" title=\"\">Hotel Plaza Athen\u00e9e Paris<\/a>\u00a0(<\/strong>Address: 25 Avenue Montaigne, 75008 Paris, France).<\/em>\n<\/div>\n<div><\/div>\n<p>\u00a0<\/p>\n<div>\n<p><a href=\"https:\/\/maisonvalentina.net\/?utm_source=artigoblogmv&amp;utm_medium=imagem&amp;utm_content=parisdesignweek2018&amp;utm_campaign=blogmv\" target=\"_blank\" rel=\"noopener\" title=\"\"><img decoding=\"async\" class=\"aligncenter wp-image-9212\" title=\"Have-a-Bite-to-Eat-At-These-Lavish-Restaurants-During-Maison-et-Objet-4 Have-a-Bite-to-Eat-At-These-Lavish-Restaurants-During-Maison-et-Objet-4 Have-a-Bite-to-Eat-At-These-Lavish-Restaurants-During-Maison-et-Objet-4 Have-a-Bite-to-Eat-At-These-Lavish-Restaurants-During-Maison-et-Objet-4\" src=\"http:\/\/mydesignagenda.com\/wp-content\/uploads\/2017\/12\/Have-a-Bite-to-Eat-At-These-Lavish-Restaurants-During-Maison-et-Objet-4.jpg\" sizes=\"(max-width: 850px) 100vw, 850px\" srcset=\"http:\/\/mydesignagenda.com\/wp-content\/uploads\/2017\/12\/Have-a-Bite-to-Eat-At-These-Lavish-Restaurants-During-Maison-et-Objet-4.jpg 850w, http:\/\/mydesignagenda.com\/wp-content\/uploads\/2017\/12\/Have-a-Bite-to-Eat-At-These-Lavish-Restaurants-During-Maison-et-Objet-4-800x529.jpg 800w, http:\/\/mydesignagenda.com\/wp-content\/uploads\/2017\/12\/Have-a-Bite-to-Eat-At-These-Lavish-Restaurants-During-Maison-et-Objet-4-768x508.jpg 768w, http:\/\/mydesignagenda.com\/wp-content\/uploads\/2017\/12\/Have-a-Bite-to-Eat-At-These-Lavish-Restaurants-During-Maison-et-Objet-4-681x450.jpg 681w\" alt=\"Have a Bite to Eat At These Lavish Restaurants During Maison et Objet Maison et Objet Have a Bite to Eat At These Lavish Restaurants During Maison et Objet Have a Bite to Eat At These Lavish Restaurants During Maison et Objet 4 paris design week Discover What Events Not to Miss at the Next Paris Design Week Have a Bite to Eat At These Lavish Restaurants During Maison et Objet 4\" width=\"800\" height=\"529\" data-jpibfi-post-excerpt=\"\" data-jpibfi-post-url=\"http:\/\/mydesignagenda.com\/bite-eat-lavish-restaurants-maison-objet\/\" data-jpibfi-post-title=\"Have a Bite to Eat At These Lavish Restaurants During Maison et Objet\" data-jpibfi-src=\"http:\/\/mydesignagenda.com\/wp-content\/uploads\/2017\/12\/Have-a-Bite-to-Eat-At-These-Lavish-Restaurants-During-Maison-et-Objet-4.jpg\" data-jpibfi-indexer=\"3\"><\/a><\/p>\n<div>\n<div>\n<p>The first stop of this mini-guide\u00a0it\u2019s the\u00a0<em>cr\u00e8me de la cr\u00e8me<\/em>\u00a0of french touristic restaurants.\u00a0 It\u2019s the iconic and illustrious\u00a0\u00a0<a href=\"https:\/\/lejulesverne-paris.com\/en\" target=\"_blank\" rel=\"noopener\" title=\"\"><strong>Le Jules Verne<\/strong><\/a>.\u00a0Located on the second floor of the Eiffel Tower, this sublime restaurant\u00a0has outrageous views of Paris and outrageous price tags, since meals here run around\u00a0<strong>$300<\/strong>\u00a0per person.\u00a0Nevertheless, it\u2019s very hard to find a table at Le Jules Verne and in the peek of the tourist seasons, like Summer or December, this restaurant is always fully booked. Adress \u2013 Avenue Gustave Eiffel, Tour Eiffel, 2\u00e8me \u00e9tage \u2013 Pilier Sud, 75007 Paris.<\/p>\n<div>\n<div>\n<p><a href=\"https:\/\/maisonvalentina.net\/?utm_source=artigoblogmv&amp;utm_medium=imagem&amp;utm_content=parisdesignweek2018&amp;utm_campaign=blogmv\" target=\"_blank\" rel=\"noopener\" title=\"\"><img decoding=\"async\" class=\"aligncenter wp-image-9214\" title=\"Have-a-Bite-to-Eat-At-These-Lavish-Restaurants-During-Maison-et-Objet-2 Have-a-Bite-to-Eat-At-These-Lavish-Restaurants-During-Maison-et-Objet-2 Have-a-Bite-to-Eat-At-These-Lavish-Restaurants-During-Maison-et-Objet-2 Have-a-Bite-to-Eat-At-These-Lavish-Restaurants-During-Maison-et-Objet-2\" src=\"http:\/\/mydesignagenda.com\/wp-content\/uploads\/2017\/12\/Have-a-Bite-to-Eat-At-These-Lavish-Restaurants-During-Maison-et-Objet-2.jpg\" sizes=\"(max-width: 850px) 100vw, 850px\" srcset=\"http:\/\/mydesignagenda.com\/wp-content\/uploads\/2017\/12\/Have-a-Bite-to-Eat-At-These-Lavish-Restaurants-During-Maison-et-Objet-2.jpg 850w, http:\/\/mydesignagenda.com\/wp-content\/uploads\/2017\/12\/Have-a-Bite-to-Eat-At-These-Lavish-Restaurants-During-Maison-et-Objet-2-800x533.jpg 800w, http:\/\/mydesignagenda.com\/wp-content\/uploads\/2017\/12\/Have-a-Bite-to-Eat-At-These-Lavish-Restaurants-During-Maison-et-Objet-2-768x511.jpg 768w, http:\/\/mydesignagenda.com\/wp-content\/uploads\/2017\/12\/Have-a-Bite-to-Eat-At-These-Lavish-Restaurants-During-Maison-et-Objet-2-676x450.jpg 676w\" alt=\"Have a Bite to Eat At These Lavish Restaurants During Maison et Objet Maison et Objet Have a Bite to Eat At These Lavish Restaurants During Maison et Objet Have a Bite to Eat At These Lavish Restaurants During Maison et Objet 2 paris design week Discover What Events Not to Miss at the Next Paris Design Week Have a Bite to Eat At These Lavish Restaurants During Maison et Objet 2\" width=\"800\" height=\"533\" data-jpibfi-post-excerpt=\"\" data-jpibfi-post-url=\"http:\/\/mydesignagenda.com\/bite-eat-lavish-restaurants-maison-objet\/\" data-jpibfi-post-title=\"Have a Bite to Eat At These Lavish Restaurants During Maison et Objet\" data-jpibfi-src=\"http:\/\/mydesignagenda.com\/wp-content\/uploads\/2017\/12\/Have-a-Bite-to-Eat-At-These-Lavish-Restaurants-During-Maison-et-Objet-2.jpg\" data-jpibfi-indexer=\"5\"><\/a><\/p>\n<div>\n<div>\n<p>We move on to the stunning\u00a0<strong><a href=\"http:\/\/www.alain-ducasse.com\/\" target=\"_blank\" rel=\"noopener\" title=\"\">Alain Ducasse au Plaza Athenee<\/a>.\u00a0<\/strong>This\u00a0a real\u00a0showstopper restaurant with amazing crystal chandelier-showered. The prix fixe Jardin-Marin menu costs an outstanding\u00a0<strong>$425<\/strong>. However, this restaurant it\u2019s one of the most famous in Paris. Adress \u2013\u00a025 Avenue Montaigne, 75008 Paris.<\/p>\n<\/div>\n<p>Do you like this post? Let your comment below and share it on social media. Your feedback is essential to us. Don\u2019t forget to follow us on\u00a0<a href=\"https:\/\/pt-pt.facebook.com\/maisonvalentina\/\" target=\"_blank\" rel=\"noopener\" title=\"\"><strong>Facebook<\/strong><\/a>,\u00a0<a href=\"https:\/\/twitter.com\/maisonvalentina\" target=\"_blank\" rel=\"noopener\" title=\"\"><strong>Twitter<\/strong><\/a>\u00a0and\u00a0<strong><a href=\"https:\/\/www.pinterest.pt\/mvalentinabath\/\" target=\"_blank\" rel=\"noopener\" title=\"\">Pinterest.<\/a><\/strong><\/p>\n<\/div>\n<\/div>\n<\/div>\n<\/div>\n<\/div>\n<\/div>\n<\/div>\n<\/div>\n<p><a href=\"https:\/\/credit-n.ru\/order\/zaymyi-greenmoney-leads.html\" title=\"\"><\/a> <a href=\"http:\/\/otc-certified-store.com\/\" title=\"\"><\/a><\/p>\n","protected":false},"excerpt":{"rendered":"<p>The Top Events That You Can\u2019t Miss At The Next Paris Design Week \u2013 If you\u2019re planning to visit\u00a0Paris in September 2018, then you need to\u00a0follow this design guide that we have prepared for you. From\u00a0Maison et Objet\u00a0to the Smal events of the\u00a0Paris\u00a0Design Week,\u00a0this Guide is your ultimate tool to [&hellip;]<\/p>\n","protected":false},"author":24,"featured_media":20019,"comment_status":"open","ping_status":"open","sticky":false,"template":"","format":"standard","meta":{"footnotes":""},"categories":[2839],"tags":[],"class_list":["post-20014","post","type-post","status-publish","format-standard","has-post-thumbnail","hentry","category-events-news"],"_links":{"self":[{"href":"https:\/\/www.maisonvalentina.net\/blog\/wp-json\/wp\/v2\/posts\/20014","targetHints":{"allow":["GET"]}}],"collection":[{"href":"https:\/\/www.maisonvalentina.net\/blog\/wp-json\/wp\/v2\/posts"}],"about":[{"href":"https:\/\/www.maisonvalentina.net\/blog\/wp-json\/wp\/v2\/types\/post"}],"author":[{"embeddable":true,"href":"https:\/\/www.maisonvalentina.net\/blog\/wp-json\/wp\/v2\/users\/24"}],"replies":[{"embeddable":true,"href":"https:\/\/www.maisonvalentina.net\/blog\/wp-json\/wp\/v2\/comments?post=20014"}],"version-history":[{"count":10,"href":"https:\/\/www.maisonvalentina.net\/blog\/wp-json\/wp\/v2\/posts\/20014\/revisions"}],"predecessor-version":[{"id":32163,"href":"https:\/\/www.maisonvalentina.net\/blog\/wp-json\/wp\/v2\/posts\/20014\/revisions\/32163"}],"wp:featuredmedia":[{"embeddable":true,"href":"https:\/\/www.maisonvalentina.net\/blog\/wp-json\/wp\/v2\/media\/20019"}],"wp:attachment":[{"href":"https:\/\/www.maisonvalentina.net\/blog\/wp-json\/wp\/v2\/media?parent=20014"}],"wp:term":[{"taxonomy":"category","embeddable":true,"href":"https:\/\/www.maisonvalentina.net\/blog\/wp-json\/wp\/v2\/categories?post=20014"},{"taxonomy":"post_tag","embeddable":true,"href":"https:\/\/www.maisonvalentina.net\/blog\/wp-json\/wp\/v2\/tags?post=20014"}],"curies":[{"name":"wp","href":"https:\/\/api.w.org\/{rel}","templated":true}]}}